{"id":943,"date":"2021-03-22T09:48:34","date_gmt":"2021-03-22T08:48:34","guid":{"rendered":"https:\/\/rostock-aikido.de\/wordpress\/?p=943"},"modified":"2022-08-10T11:50:41","modified_gmt":"2022-08-10T09:50:41","slug":"eingeschraenkter-trainingsbetrieb-bis-5-april-kampfkunst-an-der-frischen-luft-fuer-kinder-und-erwachsene","status":"publish","type":"post","link":"https:\/\/rostock-aikido.de\/wordpress\/eingeschraenkter-trainingsbetrieb-bis-5-april-kampfkunst-an-der-frischen-luft-fuer-kinder-und-erwachsene\/","title":{"rendered":"Eingeschr\u00e4nkter Trainingsbetrieb bis 5. April &#8211; Kampfkunst an der frischen Luft f\u00fcr Kinder und Erwachsene"},"content":{"rendered":"<div dir=\"ltr\">\n<div dir=\"ltr\">\n<p>\u00a0<img loading=\"lazy\" decoding=\"async\" src=\"https:\/\/rostock-aikido.de\/wordpress\/wp-content\/uploads\/2021\/03\/image.png\" alt=\"image.png\" width=\"562\" height=\"421\">\u00a0<\/p>\n<p>Liebe Aikidokas, liebe Eltern,<\/p>\n<p>die Pandemie ist zwar noch nicht \u00fcberwunden, aber die Landesregierung hat in ihren j\u00fcngsten Verordnungen erste Schritte zur\u00fcck zur Normalit\u00e4t beschlossen. Da die Kampfkunst Aikido als Kontaktsport gilt und wir vor allem im Dojo trainieren, gelten f\u00fcr uns leider besonders strenge Auflagen. Nichtsdestotrotz wollen wir versuchen wieder das Training langsam wieder aufzunehmen.<\/p>\n<p>Nach den aktuellen Beschl\u00fcssen der Landesregierung ist f\u00fcr Rostock, sofern wir bei einer 7-Tage-Inzidenz unter 50 bleiben, folgendes geplant:<\/p>\n<ul>\n<li style=\"margin-left:15px\">Aktuell ist nur kontaktfreier Sport drau\u00dfen in kleinen Gruppen bis zu 10 Personen oder 20 Kinder unter 12 Jahren erlaubt.<\/li>\n<li style=\"margin-left:15px\">Ab dem 22. M\u00e4rz ist Kontaktsport drau\u00dfen erlaubt<\/li>\n<li style=\"margin-left:15px\">Ab dem 5. April ist Kontaktsport drinnen wieder erlaubt.<\/li>\n<\/ul>\n<ul>\n<li style=\"margin-left:15px\">Sollte die 7-Tage-Inzidenz in Rostock \u00fcber 50 steigen, aber unter 100 bleiben, darf der Kontaktsport auch nach dem 5. April nur drau\u00dfen stattfinden, kontaktfreier Sport w\u00e4re drinnen m\u00f6glich.<\/li>\n<\/ul>\n<ul>\n<li style=\"margin-left:15px\">Sollte die 7-Tage-Inzidenz \u00fcber 100 steigen, werden alle Lockerungen wieder zur\u00fcckgenommen.<\/li>\n<\/ul>\n<p>Das bedeutet f\u00fcr uns, das wir mit kontaktfreiem Sport drau\u00dfen wieder beginnen d\u00fcrfen. Daher haben wir folgendes geplant:<\/p>\n<p><u><b>Kinder und Jugendsport bis zum 5. April<br \/><\/b><\/u><\/p>\n<p>Da wir mit den Kindern aufgrund des Verkehrs nicht direkt vor dem Dojo trainieren wollen, haben wir uns nach einem alternativen Trainingsort umgesehen. Freundlicherweise hat uns das\u00a0<a href=\"https:\/\/studio-301.de\/\" rel=\"noreferrer noopener\" target=\"_blank\">Studio 301<\/a>\u00a0eine Wiese auf ihrem Gel\u00e4nde angeboten, auf der wir trainieren k\u00f6nnten. Die Wiese ist sauber, klein und f\u00fcr unsere Zwecke v\u00f6llig ausreichend. Au\u00dferdem liegt das Gel\u00e4nde in direkter N\u00e4he zum Dojo, neben dem Lidl. Wir w\u00fcrden daher f\u00fcr die beiden Kindergruppen bis zum 5. April jeweils zwei mal drau\u00dfen Training anbieten.<\/p>\n<p>F\u00fcr die Mittwochsgruppe ist dies am 17. und am 24. M\u00e4rz, jeweils von 16:15 &#8211; 17:15 Uhr.<br \/>F\u00fcr die Montagsgruppe ist dies am 22. und 29. M\u00e4rz (Achtung, Osterferien), ebenfalls ersteinmal nur 1 Stunde von\u00a0<u>16:15 &#8211; 17:15\u00a0<\/u><u>Uhr<\/u>.<\/p>\n<p>F\u00fcr das Training ben\u00f6tigen wir keine Aikidoanz\u00fcge, stattdessen am besten sportlich und wetterfest anziehen. Au\u00dferdem ben\u00f6tigen die Eltern, falls m\u00f6glich, die\u00a0<a href=\"https:\/\/www.luca-app.de\/\" rel=\"noreferrer noopener\" target=\"_blank\">LUCA-App<\/a>\u00a0f\u00fcr das Handy, um ein m\u00f6glichst schnelles Austauschen der Kontaktdaten zu erm\u00f6glichen. Wir werden aber auch Stift und Papier f\u00fcr den Notfall bereit halten :).<\/p>\n<p>Treffpunkt f\u00fcr das Training ist direkt am Tor des Studios 301, also\u00a0<a href=\"https:\/\/g.page\/studio301de?share\" rel=\"noreferrer noopener\" target=\"_blank\">hier.<\/a>\u00a0Die Eltern k\u00f6nnen, wenn sie m\u00f6chten, das Gel\u00e4nde ebenfalls betreten und beim Training zuschauen. Es gibt auch Sitzm\u00f6glichkeiten.<\/p>\n<p><b>Hinweis Toiletten:<\/b>\u00a0Es gibt auf dem Gel\u00e4nde f\u00fcr uns keine Toiletten. Daher bitten wir um Eure Hilfe. Wir brauchen f\u00fcr jeden dieser vier Termine einen Erwachsenen, der im Falle des Falles ein Kind zu den Toiletten im Dojo begleiten kann, sodass die Trainer die Aufsichtspflicht gew\u00e4hrleisten k\u00f6nnen. Bitte sagt Bescheid, wer das \u00fcbernehmen k\u00f6nnte. Danke!<\/p>\n<p><b>Anmeldung:<\/b>\u00a0Da wir die Teilnehmerzahl auf 10 begrenzen m\u00fcssen und nat\u00fcrlich auch wissen wollen, ob Ihr kommt, m\u00f6chten wir Euch bitten, Euch\u00a0<a href=\"https:\/\/doodle.com\/poll\/qi4ftbwffeapz5im?utm_source=poll&amp;utm_medium=link\" rel=\"noreferrer noopener\" target=\"_blank\">hier im\u00a0<\/a><a href=\"https:\/\/doodle.com\/poll\/qi4ftbwffeapz5im?utm_source=poll&amp;utm_medium=link\" rel=\"noreferrer noopener\" target=\"_blank\">Doodle einzutragen<\/a>.<\/p>\n<p>Bei Fragen wendet Euch gerne direkt an uns:<br \/>Handy Steve: 0163 57 95 140<br \/>Oder per Mail an:\u00a0<a href=\"mailto:kinder@aikidorostock.de\" rel=\"noreferrer noopener\" target=\"_blank\"><a href=\"mailto:kinder@aikidorostock.de\" >kinder@aikidorostock.de<\/a><\/a><\/p>\n<p>Nach dem 5. April, d.h. nach den Osterferien, hoffen wir, wieder mit regul\u00e4rem Training beginnen zu k\u00f6nnen. Wir werden aber die Situation beobachten und Euch rechtzeitig informieren.<\/p>\n<p><u><b>Erwachsenensport bis 5. April<\/b><\/u><\/p>\n<p>Wir werden ebenfalls anfangen drau\u00dfen zu trainieren. Allerdings werden wir vor dem Dojo bleiben, da um diese Uhrzeit der Verkehr erheblich nachl\u00e4sst.<br \/>Dazu werden wir zun\u00e4chst Montags und Mittwochs, jeweils von 18:00 &#8211; 20:00 Uhr (je nach Witterung und Trainingsinhalt) Training anbieten. Auch hierf\u00fcr m\u00f6chte ich Euch bitten, die\u00a0<a href=\"https:\/\/www.luca-app.de\/\" rel=\"noreferrer noopener\" target=\"_blank\">LUCA-App<\/a>\u00a0herunterzuladen. Wir werden damit die Registrierung vereinfachen. Bitte meldet Euch \u00fcber unsere Signalgruppe zum Training an, da wir auf 10 Personen begrenzt sind. Dann sehen wir, wenn es knapp wird. Ohne Anmeldung ist Training nur m\u00f6glich, wenn die Gruppe noch nicht voll ist :).<\/p>\n<p>Bei sehr schlechtem Wetter kann es sein, dass Montags das Training abgesagt werden muss, bzw. dass es Mittwochs Online-Training gibt.<\/p>\n<p>Auch hier hoffen wir, dass wir nach dem 5. April wieder regul\u00e4r trainieren k\u00f6nnen. Dazu wird es eine weitere Informationsmail geben.<\/p>\n<p>Viele Gr\u00fc\u00dfe<\/p>\n<div>\n<div dir=\"ltr\" class=\"gmail_signature\">\n<div dir=\"ltr\">\n<div>\n<div dir=\"ltr\">\n<div>\n<div>\n<div>\n<div>\n<div>\n<div>Euer<\/div>\n<\/div>\n<p>Vorstand<\/p>\n","protected":false},"excerpt":{"rendered":"<p>\u00a0\u00a0 Liebe Aikidokas, liebe Eltern, die Pandemie ist zwar noch nicht \u00fcberwunden, aber die Landesregierung hat in ihren j\u00fcngsten Verordnungen erste Schritte zur\u00fcck zur Normalit\u00e4t beschlossen. Da die Kampfkunst Aikido als Kontaktsport gilt und wir vor allem im Dojo trainieren, gelten f\u00fcr uns leider besonders strenge Auflagen. Nichtsdestotrotz wollen wir versuchen wieder das Training langsam &hellip; <a href=\"https:\/\/rostock-aikido.de\/wordpress\/eingeschraenkter-trainingsbetrieb-bis-5-april-kampfkunst-an-der-frischen-luft-fuer-kinder-und-erwachsene\/\" class=\"more-link\"><span class=\"screen-reader-text\">\u201eEingeschr\u00e4nkter Trainingsbetrieb bis 5. April &#8211; Kampfkunst an der frischen Luft f\u00fcr Kinder und Erwachsene\u201c <\/span>weiterlesen<\/a><\/p>\n","protected":false},"author":2,"featured_media":0,"comment_status":"open","ping_status":"closed","sticky":false,"template":"","format":"standard","meta":{"footnotes":""},"categories":[1],"tags":[11,49,45,50,51,47,63,65,69,70,85,13,54,15,40,62,56,83,73,87,72,74,81,53,42,58,41,14,61,38,44,86,78,84,67],"class_list":["post-943","post","type-post","status-publish","format-standard","hentry","category-allgemein-aikido-rostock","tag-aikido","tag-aikidodeutschland","tag-aikidorostock","tag-aikijo","tag-aikiken","tag-atemi","tag-fallschule","tag-fight","tag-fitness","tag-gym","tag-hochschulsport","tag-kampfkunst","tag-kampfkunstschule","tag-kampfsport-rostock","tag-kindertraining","tag-lehrgang","tag-martialarts","tag-mecklenburg-vorpommern","tag-mv","tag-pierre-congard","tag-praevention","tag-rostock","tag-samurai","tag-schwert","tag-schwertkampf","tag-selbstbehauptung","tag-selbstbewusstsein","tag-selbstverteidigung","tag-selfdefense","tag-sport-in-rostock","tag-stockkampf","tag-toshiro-suga","tag-unirostock","tag-warnemuende","tag-workout"],"_links":{"self":[{"href":"https:\/\/rostock-aikido.de\/wordpress\/wp-json\/wp\/v2\/posts\/943","targetHints":{"allow":["GET"]}}],"collection":[{"href":"https:\/\/rostock-aikido.de\/wordpress\/wp-json\/wp\/v2\/posts"}],"about":[{"href":"https:\/\/rostock-aikido.de\/wordpress\/wp-json\/wp\/v2\/types\/post"}],"author":[{"embeddable":true,"href":"https:\/\/rostock-aikido.de\/wordpress\/wp-json\/wp\/v2\/users\/2"}],"replies":[{"embeddable":true,"href":"https:\/\/rostock-aikido.de\/wordpress\/wp-json\/wp\/v2\/comments?post=943"}],"version-history":[{"count":1,"href":"https:\/\/rostock-aikido.de\/wordpress\/wp-json\/wp\/v2\/posts\/943\/revisions"}],"predecessor-version":[{"id":1348,"href":"https:\/\/rostock-aikido.de\/wordpress\/wp-json\/wp\/v2\/posts\/943\/revisions\/1348"}],"wp:attachment":[{"href":"https:\/\/rostock-aikido.de\/wordpress\/wp-json\/wp\/v2\/media?parent=943"}],"wp:term":[{"taxonomy":"category","embeddable":true,"href":"https:\/\/rostock-aikido.de\/wordpress\/wp-json\/wp\/v2\/categories?post=943"},{"taxonomy":"post_tag","embeddable":true,"href":"https:\/\/rostock-aikido.de\/wordpress\/wp-json\/wp\/v2\/tags?post=943"}],"curies":[{"name":"wp","href":"https:\/\/api.w.org\/{rel}","templated":true}]}}