{"id":909,"date":"2021-02-01T23:21:50","date_gmt":"2021-02-01T22:21:50","guid":{"rendered":"https:\/\/rostock-aikido.de\/wordpress\/?p=909"},"modified":"2022-08-10T11:50:59","modified_gmt":"2022-08-10T09:50:59","slug":"jahreshauptversammlung-im-januar-2021","status":"publish","type":"post","link":"https:\/\/rostock-aikido.de\/wordpress\/jahreshauptversammlung-im-januar-2021\/","title":{"rendered":"Jahreshauptversammlung des Freien Deutschen Aikidovereinigung e.V. im Januar 2021"},"content":{"rendered":"\n<p>Am 30. Januar fand wieder unsere Jahreshauptversammlung des FDAV statt. Bedingt durch die Corona-Pandemie diesmal als Videokonferenz in Zoom. Neben dem \u00fcblichen Lagebericht \u00fcber die T\u00e4tigkeit unseres Vereins war Aikido in Zeiten der Pandemie das Kernthema dieser Sitzung&#8230;<\/p>\n\n\n\n<p>weiter lesen: <a href=\"https:\/\/freie-deutsche-aikido-vereinigung.de\/jahreshauptversammlung-im-januar-2021\/\" target=\"_blank\" rel=\"noopener\">https:\/\/freie-deutsche-aikido-vereinigung.de\/jahreshauptversammlung-im-januar-2021\/<\/a><\/p>\n","protected":false},"excerpt":{"rendered":"<p>Am 30. Januar fand wieder unsere Jahreshauptversammlung des FDAV statt. Bedingt durch die Corona-Pandemie diesmal als Videokonferenz in Zoom. Neben dem \u00fcblichen Lagebericht \u00fcber die T\u00e4tigkeit unseres Vereins war Aikido in Zeiten der Pandemie das Kernthema dieser Sitzung&#8230; weiter lesen: https:\/\/freie-deutsche-aikido-vereinigung.de\/jahreshauptversammlung-im-januar-2021\/<\/p>\n","protected":false},"author":2,"featured_media":908,"comment_status":"open","ping_status":"closed","sticky":false,"template":"","format":"standard","meta":{"footnotes":""},"categories":[1],"tags":[11,49,45,50,51,47,63,65,69,70,85,13,54,15,40,62,56,83,73,87,72,74,81,53,42,58,41,14,61,38,44,86,78,84,67],"class_list":["post-909","post","type-post","status-publish","format-standard","has-post-thumbnail","hentry","category-allgemein-aikido-rostock","tag-aikido","tag-aikidodeutschland","tag-aikidorostock","tag-aikijo","tag-aikiken","tag-atemi","tag-fallschule","tag-fight","tag-fitness","tag-gym","tag-hochschulsport","tag-kampfkunst","tag-kampfkunstschule","tag-kampfsport-rostock","tag-kindertraining","tag-lehrgang","tag-martialarts","tag-mecklenburg-vorpommern","tag-mv","tag-pierre-congard","tag-praevention","tag-rostock","tag-samurai","tag-schwert","tag-schwertkampf","tag-selbstbehauptung","tag-selbstbewusstsein","tag-selbstverteidigung","tag-selfdefense","tag-sport-in-rostock","tag-stockkampf","tag-toshiro-suga","tag-unirostock","tag-warnemuende","tag-workout"],"_links":{"self":[{"href":"https:\/\/rostock-aikido.de\/wordpress\/wp-json\/wp\/v2\/posts\/909","targetHints":{"allow":["GET"]}}],"collection":[{"href":"https:\/\/rostock-aikido.de\/wordpress\/wp-json\/wp\/v2\/posts"}],"about":[{"href":"https:\/\/rostock-aikido.de\/wordpress\/wp-json\/wp\/v2\/types\/post"}],"author":[{"embeddable":true,"href":"https:\/\/rostock-aikido.de\/wordpress\/wp-json\/wp\/v2\/users\/2"}],"replies":[{"embeddable":true,"href":"https:\/\/rostock-aikido.de\/wordpress\/wp-json\/wp\/v2\/comments?post=909"}],"version-history":[{"count":1,"href":"https:\/\/rostock-aikido.de\/wordpress\/wp-json\/wp\/v2\/posts\/909\/revisions"}],"predecessor-version":[{"id":1351,"href":"https:\/\/rostock-aikido.de\/wordpress\/wp-json\/wp\/v2\/posts\/909\/revisions\/1351"}],"wp:featuredmedia":[{"embeddable":true,"href":"https:\/\/rostock-aikido.de\/wordpress\/wp-json\/wp\/v2\/media\/908"}],"wp:attachment":[{"href":"https:\/\/rostock-aikido.de\/wordpress\/wp-json\/wp\/v2\/media?parent=909"}],"wp:term":[{"taxonomy":"category","embeddable":true,"href":"https:\/\/rostock-aikido.de\/wordpress\/wp-json\/wp\/v2\/categories?post=909"},{"taxonomy":"post_tag","embeddable":true,"href":"https:\/\/rostock-aikido.de\/wordpress\/wp-json\/wp\/v2\/tags?post=909"}],"curies":[{"name":"wp","href":"https:\/\/api.w.org\/{rel}","templated":true}]}}