{"id":867,"date":"2020-09-01T14:05:29","date_gmt":"2020-09-01T12:05:29","guid":{"rendered":"https:\/\/rostock-aikido.de\/wordpress\/?p=867"},"modified":"2022-08-10T11:30:08","modified_gmt":"2022-08-10T09:30:08","slug":"kampfkunstlehrgang-mit-sonderregeln-unser-dachverband-fdav-macht-es-moeglich","status":"publish","type":"post","link":"https:\/\/rostock-aikido.de\/wordpress\/kampfkunstlehrgang-mit-sonderregeln-unser-dachverband-fdav-macht-es-moeglich\/","title":{"rendered":"Kampfkunstlehrgang mit Sonderregeln, unser Dachverband (FDAV) macht es m\u00f6glich"},"content":{"rendered":"<p><img loading=\"lazy\" decoding=\"async\" class=\"alignnone size-large wp-image-868\" src=\"https:\/\/rostock-aikido.de\/wordpress\/wp-content\/uploads\/2020\/09\/image-1024x552.png\" alt=\"Gruppenfoto Aikidolehrgang mit Pierre Congard\" width=\"840\" height=\"453\"><\/p>\n<p>Am Samstag dem 22. August war es nun so weit. Unser erster Lehrgang AC (after corona) wurde vorsichtig und ausschlie\u00dflich mit den Dojomitgliedern, also der festen Trainingsgruppe (so fest, wie es eben im wahren Leben geht) organisiert.<br \/>\nDamit fiel eine wichtiger Lehrgangsfunktion, n\u00e4mlich der Austausch zwischen den Trainingsgruppen, weg. Dennoch ist die Freude \u00fcber die Wiederbelebung unseres Trainings gro\u00df und das war nicht nur den Teilnehmern anzumerken, sondern auch Pierre Congard.<br \/>\nDie Stimmung war toll. Ich, leider auf der Bank, hatte meine Freude am Zuschauen. Kokyonage bis Uke nicht mehr aufstehen kann hei\u00dft es. Das ist Training f\u00fcr den Geist k\u00f6nnte man sagen, denn es ist erst Mittag&#8230;<br \/>\nPierre begeisterte wieder mit seinen raffinierten Techniken sowie dem gewohnten Witz. Keine Spielerei soll es sein, sondern ein ernstzunehmender Weg der Kampfkunst. So flie\u00dfen zunehmend seine Erfahrungen aus dem Boxen in die Lehrg\u00e4nge mit ein.<br \/>\nUnsere besondere Lage am Wasser nutzend, hie\u00df es f\u00fcr Ken tai Jo (Schwert trifft Stock), ab nach drau\u00dfen.<\/p>\n<p><img loading=\"lazy\" decoding=\"async\" class=\"alignnone size-large wp-image-869\" src=\"https:\/\/rostock-aikido.de\/wordpress\/wp-content\/uploads\/2020\/09\/DSC06071-1024x683.jpg\" alt=\"\" width=\"840\" height=\"560\"><\/p>\n<p>Nun noch Pr\u00fcfungen. Sch\u00fcler und Lehrer gleicherma\u00dfen aufgeregt, versammeln sich nach intensiven 6 Stunden Training. Noch einmal durchatmen und&#8230; bestanden.<br \/>\nWir gratulieren unseren neuen 5. Kyu!<br \/>\nBei Grill und Feuerschale klingt der Tag bis in die sp\u00e4ten Stunden aus.<br \/>\nEin sch\u00f6ner Tag! Danke an alle Beteiligten, insbesondere dem <a href=\"https:\/\/freie-deutsche-aikido-vereinigung.de\/ueber-uns\/\" rel=\"noopener noreferrer\" target=\"_blank\">Freie Deutsche Aikido Vereinigung e.V.<\/a>, welcher durch sein Corona-Sonderf\u00f6rderpaket die Finanzierung kleinerer Lehrg\u00e4nge m\u00f6glich macht.<\/p>\n<p>Thomas Wenske<\/p>\n<p>Traditionelle AIKIDO-Schule Rostock e.V.<brbr>(Ps. Kommas sind nich so meine&#8230;)<\/p>\n<p><\/brbr><\/p>\n","protected":false},"excerpt":{"rendered":"<p>Am Samstag dem 22. August war es nun so weit. Unser erster Lehrgang AC (after corona) wurde vorsichtig und ausschlie\u00dflich mit den Dojomitgliedern, also der festen Trainingsgruppe (so fest, wie es eben im wahren Leben geht) organisiert. Damit fiel eine wichtiger Lehrgangsfunktion, n\u00e4mlich der Austausch zwischen den Trainingsgruppen, weg. Dennoch ist die Freude \u00fcber die &hellip; <a href=\"https:\/\/rostock-aikido.de\/wordpress\/kampfkunstlehrgang-mit-sonderregeln-unser-dachverband-fdav-macht-es-moeglich\/\" class=\"more-link\"><span class=\"screen-reader-text\">\u201eKampfkunstlehrgang mit Sonderregeln, unser Dachverband (FDAV) macht es m\u00f6glich\u201c <\/span>weiterlesen<\/a><\/p>\n","protected":false},"author":2,"featured_media":0,"comment_status":"closed","ping_status":"closed","sticky":false,"template":"","format":"standard","meta":{"footnotes":""},"categories":[1],"tags":[11,49,45,50,51,47,63,65,69,70,85,13,54,15,40,62,56,83,73,87,72,74,81,53,42,58,41,14,61,38,44,86,78,84,67],"class_list":["post-867","post","type-post","status-publish","format-standard","hentry","category-allgemein-aikido-rostock","tag-aikido","tag-aikidodeutschland","tag-aikidorostock","tag-aikijo","tag-aikiken","tag-atemi","tag-fallschule","tag-fight","tag-fitness","tag-gym","tag-hochschulsport","tag-kampfkunst","tag-kampfkunstschule","tag-kampfsport-rostock","tag-kindertraining","tag-lehrgang","tag-martialarts","tag-mecklenburg-vorpommern","tag-mv","tag-pierre-congard","tag-praevention","tag-rostock","tag-samurai","tag-schwert","tag-schwertkampf","tag-selbstbehauptung","tag-selbstbewusstsein","tag-selbstverteidigung","tag-selfdefense","tag-sport-in-rostock","tag-stockkampf","tag-toshiro-suga","tag-unirostock","tag-warnemuende","tag-workout"],"_links":{"self":[{"href":"https:\/\/rostock-aikido.de\/wordpress\/wp-json\/wp\/v2\/posts\/867","targetHints":{"allow":["GET"]}}],"collection":[{"href":"https:\/\/rostock-aikido.de\/wordpress\/wp-json\/wp\/v2\/posts"}],"about":[{"href":"https:\/\/rostock-aikido.de\/wordpress\/wp-json\/wp\/v2\/types\/post"}],"author":[{"embeddable":true,"href":"https:\/\/rostock-aikido.de\/wordpress\/wp-json\/wp\/v2\/users\/2"}],"replies":[{"embeddable":true,"href":"https:\/\/rostock-aikido.de\/wordpress\/wp-json\/wp\/v2\/comments?post=867"}],"version-history":[{"count":1,"href":"https:\/\/rostock-aikido.de\/wordpress\/wp-json\/wp\/v2\/posts\/867\/revisions"}],"predecessor-version":[{"id":1357,"href":"https:\/\/rostock-aikido.de\/wordpress\/wp-json\/wp\/v2\/posts\/867\/revisions\/1357"}],"wp:attachment":[{"href":"https:\/\/rostock-aikido.de\/wordpress\/wp-json\/wp\/v2\/media?parent=867"}],"wp:term":[{"taxonomy":"category","embeddable":true,"href":"https:\/\/rostock-aikido.de\/wordpress\/wp-json\/wp\/v2\/categories?post=867"},{"taxonomy":"post_tag","embeddable":true,"href":"https:\/\/rostock-aikido.de\/wordpress\/wp-json\/wp\/v2\/tags?post=867"}],"curies":[{"name":"wp","href":"https:\/\/api.w.org\/{rel}","templated":true}]}}