{"id":860,"date":"2020-08-03T10:48:31","date_gmt":"2020-08-03T08:48:31","guid":{"rendered":"https:\/\/rostock-aikido.de\/wordpress\/?p=860"},"modified":"2022-08-10T11:30:09","modified_gmt":"2022-08-10T09:30:09","slug":"wieder-regulaeres-kindertraining","status":"publish","type":"post","link":"https:\/\/rostock-aikido.de\/wordpress\/wieder-regulaeres-kindertraining\/","title":{"rendered":"Wieder regul\u00e4res Kindertraining"},"content":{"rendered":"<p><a href=\"https:\/\/rostock-aikido.de\/wordpress\/wp-content\/uploads\/2020\/03\/IMG_20200307_162103-scaled.jpg\"><img loading=\"lazy\" decoding=\"async\" class=\"size-medium wp-image-796 alignleft\" src=\"https:\/\/rostock-aikido.de\/wordpress\/wp-content\/uploads\/2020\/03\/IMG_20200307_162103-300x225.jpg\" alt=\"\" width=\"300\" height=\"225\" srcset=\"https:\/\/rostock-aikido.de\/wordpress\/wp-content\/uploads\/2020\/03\/IMG_20200307_162103-300x225.jpg 300w, https:\/\/rostock-aikido.de\/wordpress\/wp-content\/uploads\/2020\/03\/IMG_20200307_162103-scaled-400x300.jpg 400w, https:\/\/rostock-aikido.de\/wordpress\/wp-content\/uploads\/2020\/03\/IMG_20200307_162103-1024x768.jpg 1024w, https:\/\/rostock-aikido.de\/wordpress\/wp-content\/uploads\/2020\/03\/IMG_20200307_162103-768x576.jpg 768w, https:\/\/rostock-aikido.de\/wordpress\/wp-content\/uploads\/2020\/03\/IMG_20200307_162103-1536x1152.jpg 1536w, https:\/\/rostock-aikido.de\/wordpress\/wp-content\/uploads\/2020\/03\/IMG_20200307_162103-2048x1536.jpg 2048w, https:\/\/rostock-aikido.de\/wordpress\/wp-content\/uploads\/2020\/03\/IMG_20200307_162103-1200x900.jpg 1200w\" sizes=\"auto, (max-width: 300px) 85vw, 300px\" \/><\/a>Die Sommerferien sind vorbei und mit der Schule startet auch unser Dojo, unter Ber\u00fccksichtigung der Hinweise der Landesregierung und des SSBs, endlich wieder mit dem Kindertraining. Ab Montag um 16:15 starten wir mit dem Training f\u00fcr die Gro\u00dfen, am Mittwoch f\u00fcr unsere j\u00fcngeren Aikidokas. Wir freuen Uns Euch nach einer langen Zeit wieder auf der Matte zu sehen. \u304a\u5e30\u308a\u306a\u3055\u3044!<\/p>\n<p><strong>Noch ein kleiner Hinweis:<\/strong> Achtet bitte in der aktuellen Situation besonders auf Erk\u00e4ltungssymptome. Das Training sollte man nur gesund besuchen und gerade jetzt ist das besonders wichtig. Aus R\u00fccksicht auf die anderen Kinder und damit uns nicht wieder eine erneute Schlie\u00dfung droht. Au\u00dferdem m\u00f6chten wir Euch bitten besonders auf die Hygiene zu achten.<\/p>\n","protected":false},"excerpt":{"rendered":"<p>Die Sommerferien sind vorbei und mit der Schule startet auch unser Dojo, unter Ber\u00fccksichtigung der Hinweise der Landesregierung und des SSBs, endlich wieder mit dem Kindertraining. Ab Montag um 16:15 starten wir mit dem Training f\u00fcr die Gro\u00dfen, am Mittwoch f\u00fcr unsere j\u00fcngeren Aikidokas. Wir freuen Uns Euch nach einer langen Zeit wieder auf der &hellip; <a href=\"https:\/\/rostock-aikido.de\/wordpress\/wieder-regulaeres-kindertraining\/\" class=\"more-link\"><span class=\"screen-reader-text\">\u201eWieder regul\u00e4res Kindertraining\u201c <\/span>weiterlesen<\/a><\/p>\n","protected":false},"author":3,"featured_media":796,"comment_status":"open","ping_status":"closed","sticky":false,"template":"","format":"standard","meta":{"footnotes":""},"categories":[3,7],"tags":[11,49,45,50,51,47,63,65,69,70,85,13,54,15,40,62,56,83,73,87,72,74,81,53,42,58,41,14,61,38,44,86,78,84,67],"class_list":["post-860","post","type-post","status-publish","format-standard","has-post-thumbnail","hentry","category-kindertraining-aikidoschule-rostock","category-kindertraining-wichtige-information-aikido-rostock","tag-aikido","tag-aikidodeutschland","tag-aikidorostock","tag-aikijo","tag-aikiken","tag-atemi","tag-fallschule","tag-fight","tag-fitness","tag-gym","tag-hochschulsport","tag-kampfkunst","tag-kampfkunstschule","tag-kampfsport-rostock","tag-kindertraining","tag-lehrgang","tag-martialarts","tag-mecklenburg-vorpommern","tag-mv","tag-pierre-congard","tag-praevention","tag-rostock","tag-samurai","tag-schwert","tag-schwertkampf","tag-selbstbehauptung","tag-selbstbewusstsein","tag-selbstverteidigung","tag-selfdefense","tag-sport-in-rostock","tag-stockkampf","tag-toshiro-suga","tag-unirostock","tag-warnemuende","tag-workout"],"_links":{"self":[{"href":"https:\/\/rostock-aikido.de\/wordpress\/wp-json\/wp\/v2\/posts\/860","targetHints":{"allow":["GET"]}}],"collection":[{"href":"https:\/\/rostock-aikido.de\/wordpress\/wp-json\/wp\/v2\/posts"}],"about":[{"href":"https:\/\/rostock-aikido.de\/wordpress\/wp-json\/wp\/v2\/types\/post"}],"author":[{"embeddable":true,"href":"https:\/\/rostock-aikido.de\/wordpress\/wp-json\/wp\/v2\/users\/3"}],"replies":[{"embeddable":true,"href":"https:\/\/rostock-aikido.de\/wordpress\/wp-json\/wp\/v2\/comments?post=860"}],"version-history":[{"count":1,"href":"https:\/\/rostock-aikido.de\/wordpress\/wp-json\/wp\/v2\/posts\/860\/revisions"}],"predecessor-version":[{"id":1361,"href":"https:\/\/rostock-aikido.de\/wordpress\/wp-json\/wp\/v2\/posts\/860\/revisions\/1361"}],"wp:featuredmedia":[{"embeddable":true,"href":"https:\/\/rostock-aikido.de\/wordpress\/wp-json\/wp\/v2\/media\/796"}],"wp:attachment":[{"href":"https:\/\/rostock-aikido.de\/wordpress\/wp-json\/wp\/v2\/media?parent=860"}],"wp:term":[{"taxonomy":"category","embeddable":true,"href":"https:\/\/rostock-aikido.de\/wordpress\/wp-json\/wp\/v2\/categories?post=860"},{"taxonomy":"post_tag","embeddable":true,"href":"https:\/\/rostock-aikido.de\/wordpress\/wp-json\/wp\/v2\/tags?post=860"}],"curies":[{"name":"wp","href":"https:\/\/api.w.org\/{rel}","templated":true}]}}