{"id":2091,"date":"2025-02-18T09:45:35","date_gmt":"2025-02-18T08:45:35","guid":{"rendered":"https:\/\/rostock-aikido.de\/wordpress\/?p=2091"},"modified":"2025-03-04T14:07:38","modified_gmt":"2025-03-04T13:07:38","slug":"achtung-geaenderte-trainingszeiten-fuer-mittwoch-ab-dem-26-februar-2025","status":"publish","type":"post","link":"https:\/\/rostock-aikido.de\/wordpress\/achtung-geaenderte-trainingszeiten-fuer-mittwoch-ab-dem-26-februar-2025\/","title":{"rendered":"Achtung! &#8211; Ge\u00e4nderte Trainingszeiten f\u00fcr Mittwoch, ab dem 26. Februar 2025"},"content":{"rendered":"\n<div class=\"postie-post\">\n<div dir=\"ltr\">\n<div><img loading=\"lazy\" decoding=\"async\" class=\"alignnone size-medium wp-image-1150\" src=\"https:\/\/rostock-aikido.de\/wordpress\/wp-content\/uploads\/2021\/11\/image-300x268.png\" alt=\"\" width=\"300\" height=\"268\" \/><\/div>\n<div>Als Ergebnis der Mitgliederversammlung werden die Trainingszeiten am Mittwoch ge\u00e4ndert.\u00a0<\/div>\n<div>Wir werden nach einigen Monaten fragen und ggf. abstimmen, welches Konzept (zwei k\u00fcrzere oder eine lange Trainingseinheit) mehrheitlich gew\u00fcnscht wird.<\/div>\n<div>Der Vorschlag wurde durch Mitglieder in die Versammlung eingebracht und diskutiert.<\/div>\n<div>\u00a0<\/div>\n<\/div>\n<div dir=\"ltr\">\n<div><b>Neues Konzept ab <u>Mittwoch, 26. Februar 2025<\/u>:<\/b><\/div>\n<div><b>Kinder bis 17:15 Uhr<\/b><\/div>\n<div><b>bis 18:00 Uhr freies Training (Rollen, Kata 31&#8230;.)<\/b><\/div>\n<div><b>18:00 Uhr bis 20:00 Uhr angeleitetes Training<\/b><\/div>\n<div>\u00a0<\/div>\n<div>Es ist bei rechtzeitigem Erscheinen (Umziehen\u00a0<b>bis<\/b> 17:15 Uhr oder ab 17:30 Uhr) also m\u00f6glich, ein freies Training\u00a0von bis zu 45 min einzuplanen.\u00a0Das Dojo ist, wenn Kindertraining\u00a0ist, auch immer ge\u00f6ffnet, so dass kein Schl\u00fcssel ben\u00f6tigt\u00a0wird. Andernfalls kann man sich mit Schl\u00fcsseltr\u00e4gern\u00a0verabreden.<\/div>\n<div>\u00a0<\/div>\n<div>Mit freundlichen Gr\u00fc\u00dfen<\/div>\n<div>\n<div class=\"gmail_signature\" dir=\"ltr\" data-smartmail=\"gmail_signature\">\n<div dir=\"ltr\">\n<div dir=\"ltr\">\n<p>Thomas Wenske<br \/>Vorstand<\/p>\n<\/div>\n<\/div>\n<\/div>\n<\/div>\n<\/div>\n<\/div>\n","protected":false},"excerpt":{"rendered":"<p>Als Ergebnis der Mitgliederversammlung werden die Trainingszeiten am Mittwoch ge\u00e4ndert.\u00a0 Wir werden nach einigen Monaten fragen und ggf. abstimmen, welches Konzept (zwei k\u00fcrzere oder eine lange Trainingseinheit) mehrheitlich gew\u00fcnscht wird. Der Vorschlag wurde durch Mitglieder in die Versammlung eingebracht und diskutiert. \u00a0 Neues Konzept ab Mittwoch, 26. Februar 2025: Kinder bis 17:15 Uhr bis 18:00 &hellip; <a href=\"https:\/\/rostock-aikido.de\/wordpress\/achtung-geaenderte-trainingszeiten-fuer-mittwoch-ab-dem-26-februar-2025\/\" class=\"more-link\"><span class=\"screen-reader-text\">\u201eAchtung! &#8211; Ge\u00e4nderte Trainingszeiten f\u00fcr Mittwoch, ab dem 26. Februar 2025\u201c <\/span>weiterlesen<\/a><\/p>\n","protected":false},"author":2,"featured_media":0,"comment_status":"closed","ping_status":"closed","sticky":false,"template":"","format":"standard","meta":{"footnotes":""},"categories":[1,4,8],"tags":[],"class_list":["post-2091","post","type-post","status-publish","format-standard","hentry","category-allgemein-aikido-rostock","category-erwachsene-aikidoschule-rostock","category-erwachsene-wichtige-information-aikido-rostock"],"_links":{"self":[{"href":"https:\/\/rostock-aikido.de\/wordpress\/wp-json\/wp\/v2\/posts\/2091","targetHints":{"allow":["GET"]}}],"collection":[{"href":"https:\/\/rostock-aikido.de\/wordpress\/wp-json\/wp\/v2\/posts"}],"about":[{"href":"https:\/\/rostock-aikido.de\/wordpress\/wp-json\/wp\/v2\/types\/post"}],"author":[{"embeddable":true,"href":"https:\/\/rostock-aikido.de\/wordpress\/wp-json\/wp\/v2\/users\/2"}],"replies":[{"embeddable":true,"href":"https:\/\/rostock-aikido.de\/wordpress\/wp-json\/wp\/v2\/comments?post=2091"}],"version-history":[{"count":2,"href":"https:\/\/rostock-aikido.de\/wordpress\/wp-json\/wp\/v2\/posts\/2091\/revisions"}],"predecessor-version":[{"id":2095,"href":"https:\/\/rostock-aikido.de\/wordpress\/wp-json\/wp\/v2\/posts\/2091\/revisions\/2095"}],"wp:attachment":[{"href":"https:\/\/rostock-aikido.de\/wordpress\/wp-json\/wp\/v2\/media?parent=2091"}],"wp:term":[{"taxonomy":"category","embeddable":true,"href":"https:\/\/rostock-aikido.de\/wordpress\/wp-json\/wp\/v2\/categories?post=2091"},{"taxonomy":"post_tag","embeddable":true,"href":"https:\/\/rostock-aikido.de\/wordpress\/wp-json\/wp\/v2\/tags?post=2091"}],"curies":[{"name":"wp","href":"https:\/\/api.w.org\/{rel}","templated":true}]}}