{"id":1039,"date":"2021-06-17T17:48:41","date_gmt":"2021-06-17T15:48:41","guid":{"rendered":"https:\/\/rostock-aikido.de\/wordpress\/?p=1039"},"modified":"2022-08-10T11:48:59","modified_gmt":"2022-08-10T09:48:59","slug":"freitag-18-06-training-1800-uhr-in-sildemow","status":"publish","type":"post","link":"https:\/\/rostock-aikido.de\/wordpress\/freitag-18-06-training-1800-uhr-in-sildemow\/","title":{"rendered":"Freitag 18.06. Training 18:00 Uhr in Sildemow"},"content":{"rendered":"<div dir=\"ltr\"><img loading=\"lazy\" decoding=\"async\" src=\"https:\/\/rostock-aikido.de\/wordpress\/wp-content\/uploads\/2021\/06\/image.png\" alt=\"image.png\" width=\"542\" height=\"181\"><\/p>\n<div>Am Freitag trainieren wir in Sildemow.<\/div>\n<div>Treffpunkt 17:45 Uhr bei Seestra\u00dfe 7. Dann gucken wir, ob wir am See Platz haben und gem\u00e4ht ist. Andernfalls gehen wir auf den Fu\u00dfballplatz. Nach dem Training baden und entspanntes\u00a0Grillerchen am See (Selbstversorgung).<\/div>\n<div><\/div>\n<div>Waffen kann ich morgen noch aus dem Dojo holen. Anz\u00fcge k\u00f6nnen gr\u00fcn werden. Regen gibt es diesmal nicht :).<\/div>\n<div><\/div>\n<div>Beim Drau\u00dfentraining\u00a0sind keine Tests erforderlich.<\/div>\n<div><\/div>\n<div>LG Thomas<\/div>\n<\/div>\n","protected":false},"excerpt":{"rendered":"<p>Am Freitag trainieren wir in Sildemow. Treffpunkt 17:45 Uhr bei Seestra\u00dfe 7. Dann gucken wir, ob wir am See Platz haben und gem\u00e4ht ist. Andernfalls gehen wir auf den Fu\u00dfballplatz. Nach dem Training baden und entspanntes\u00a0Grillerchen am See (Selbstversorgung). Waffen kann ich morgen noch aus dem Dojo holen. Anz\u00fcge k\u00f6nnen gr\u00fcn werden. Regen gibt es &hellip; <a href=\"https:\/\/rostock-aikido.de\/wordpress\/freitag-18-06-training-1800-uhr-in-sildemow\/\" class=\"more-link\"><span class=\"screen-reader-text\">\u201eFreitag 18.06. Training 18:00 Uhr in Sildemow\u201c <\/span>weiterlesen<\/a><\/p>\n","protected":false},"author":2,"featured_media":0,"comment_status":"open","ping_status":"closed","sticky":false,"template":"","format":"standard","meta":{"footnotes":""},"categories":[1],"tags":[11,49,45,50,51,47,63,65,69,70,85,13,54,15,40,62,56,83,73,92,87,72,74,81,53,42,58,41,14,61,91,93,38,44,86,78,84,67],"class_list":["post-1039","post","type-post","status-publish","format-standard","hentry","category-allgemein-aikido-rostock","tag-aikido","tag-aikidodeutschland","tag-aikidorostock","tag-aikijo","tag-aikiken","tag-atemi","tag-fallschule","tag-fight","tag-fitness","tag-gym","tag-hochschulsport","tag-kampfkunst","tag-kampfkunstschule","tag-kampfsport-rostock","tag-kindertraining","tag-lehrgang","tag-martialarts","tag-mecklenburg-vorpommern","tag-mv","tag-papendorf","tag-pierre-congard","tag-praevention","tag-rostock","tag-samurai","tag-schwert","tag-schwertkampf","tag-selbstbehauptung","tag-selbstbewusstsein","tag-selbstverteidigung","tag-selfdefense","tag-sildemow","tag-sildemower-see","tag-sport-in-rostock","tag-stockkampf","tag-toshiro-suga","tag-unirostock","tag-warnemuende","tag-workout"],"_links":{"self":[{"href":"https:\/\/rostock-aikido.de\/wordpress\/wp-json\/wp\/v2\/posts\/1039","targetHints":{"allow":["GET"]}}],"collection":[{"href":"https:\/\/rostock-aikido.de\/wordpress\/wp-json\/wp\/v2\/posts"}],"about":[{"href":"https:\/\/rostock-aikido.de\/wordpress\/wp-json\/wp\/v2\/types\/post"}],"author":[{"embeddable":true,"href":"https:\/\/rostock-aikido.de\/wordpress\/wp-json\/wp\/v2\/users\/2"}],"replies":[{"embeddable":true,"href":"https:\/\/rostock-aikido.de\/wordpress\/wp-json\/wp\/v2\/comments?post=1039"}],"version-history":[{"count":1,"href":"https:\/\/rostock-aikido.de\/wordpress\/wp-json\/wp\/v2\/posts\/1039\/revisions"}],"predecessor-version":[{"id":1339,"href":"https:\/\/rostock-aikido.de\/wordpress\/wp-json\/wp\/v2\/posts\/1039\/revisions\/1339"}],"wp:attachment":[{"href":"https:\/\/rostock-aikido.de\/wordpress\/wp-json\/wp\/v2\/media?parent=1039"}],"wp:term":[{"taxonomy":"category","embeddable":true,"href":"https:\/\/rostock-aikido.de\/wordpress\/wp-json\/wp\/v2\/categories?post=1039"},{"taxonomy":"post_tag","embeddable":true,"href":"https:\/\/rostock-aikido.de\/wordpress\/wp-json\/wp\/v2\/tags?post=1039"}],"curies":[{"name":"wp","href":"https:\/\/api.w.org\/{rel}","templated":true}]}}